{"id":6780,"date":"2025-01-13T08:40:53","date_gmt":"2025-01-13T06:40:53","guid":{"rendered":"https:\/\/www.skk-seeshaupt.de\/home\/?p=6780"},"modified":"2025-01-13T08:40:53","modified_gmt":"2025-01-13T06:40:53","slug":"wir-sagen-danke","status":"publish","type":"post","link":"https:\/\/www.skk-seeshaupt.de\/home\/?p=6780","title":{"rendered":"WIR SAGEN DANKE"},"content":{"rendered":"<div class=\"t pg-1m0 pg-1x1 pg-1h4 pg-1y3 pg-1ff2 pg-1fs1 pg-1fc0 pg-1sc0 pg-1ls0 pg-1ws0\">Die 1. Frauenmannschaft des FC Seeshaupt, Abt. Kegeln wurde von der Firma BCI in Weilheim mit<\/div>\n<div class=\"t pg-1m0 pg-1x1 pg-1h4 pg-1y4 pg-1ff2 pg-1fs1 pg-1fc0 pg-1sc0 pg-1ls0 pg-1ws0\">neuen Ausw\u00e4rtstrikots ausgestattet. Der Verein freut sich ganz besonders dar\u00fcber und ist stolz,<\/div>\n<div class=\"t pg-1m0 pg-1x1 pg-1h4 pg-1y5 pg-1ff2 pg-1fs1 pg-1fc0 pg-1sc0 pg-1ls0 pg-1ws0\">dass die sportliche Leistung und der Erfolg anerkannt und finanziell unterst\u00fctzt wurde. Aktuell<\/div>\n<div class=\"t pg-1m0 pg-1x1 pg-1h4 pg-1y6 pg-1ff2 pg-1fs1 pg-1fc0 pg-1sc0 pg-1ls0 pg-1ws0\">befindet sich die Mannschaft in der Bayernliga S\u00fcd auf dem 1. Platz. Im Rahmen des letzten<\/div>\n<div class=\"t pg-1m0 pg-1x1 pg-1h4 pg-1y7 pg-1ff2 pg-1fs1 pg-1fc0 pg-1sc0 pg-1ls0 pg-1ws0\">Heimspieles der Vorrunde am 08.12.24 fand die \u00dcbergabe der Trikots auf der Kegelbahn in<\/div>\n<div class=\"t pg-1m0 pg-1x1 pg-1h4 pg-1y8 pg-1ff2 pg-1fs1 pg-1fc0 pg-1sc0 pg-1ls0 pg-1ws0\">Seeshaupt statt. Der 1. Abteilungsleiter Edgar Schouten bedankte sich mit einem Blumenstrau\u00df<\/div>\n<div class=\"t pg-1m0 pg-1x1 pg-1h4 pg-1y9 pg-1ff2 pg-1fs1 pg-1fc0 pg-1sc0 pg-1ls0 pg-1ws0\">ganz herzlich bei Susanne und Norbert Blankenhagen f\u00fcr die Zuwendung. Die beiden w\u00fcnschen den<\/div>\n<div class=\"t pg-1m0 pg-1x1 pg-1h4 pg-1ya pg-1ff2 pg-1fs1 pg-1fc0 pg-1sc0 pg-1ls0 pg-1ws0\">Frauen weiterhin viel Erfolg und GUT HOLZ<\/div>\n<div style=\"width: 749px\" class=\"wp-caption alignleft\"><img fetchpriority=\"high\" decoding=\"async\" class=\"\" src=\"https:\/\/www.skk-seeshaupt.de\/wp-content\/uploads\/2025\/01\/IMG-20241208-WA0011.jpg\" alt=\"\" width=\"739\" height=\"493\" \/><p class=\"wp-caption-text\">Hinten v. l. Petra Heinfling, Petra Kr\u00e4h, Norbert Blankenhagen, Susanne Blankenhagen, Ramona Resch, Regina Resch. Vorne v. l. Alexander Wassermann, Amy Waitz, Manuela Seitz, Nadine Weidinger, Edgar Schouten. (Foto privat)<\/p><\/div>\n","protected":false},"excerpt":{"rendered":"<p>Die 1. Frauenmannschaft des FC Seeshaupt, Abt. Kegeln wurde von der Firma BCI in Weilheim mit neuen Ausw\u00e4rtstrikots ausgestattet. Der Verein freut sich ganz besonders dar\u00fcber und ist stolz, dass die sportliche Leistung und der Erfolg anerkannt und finanziell unterst\u00fctzt wurde. Aktuell befindet sich die Mannschaft in der Bayernliga S\u00fcd auf dem 1. Platz. Im [&hellip;]<\/p>\n","protected":false},"author":3,"featured_media":0,"comment_status":"closed","ping_status":"closed","sticky":false,"template":"","format":"standard","meta":{"footnotes":""},"categories":[11],"tags":[],"class_list":["post-6780","post","type-post","status-publish","format-standard","hentry","category-aktuelles"],"_links":{"self":[{"href":"https:\/\/www.skk-seeshaupt.de\/home\/index.php?rest_route=\/wp\/v2\/posts\/6780","targetHints":{"allow":["GET"]}}],"collection":[{"href":"https:\/\/www.skk-seeshaupt.de\/home\/index.php?rest_route=\/wp\/v2\/posts"}],"about":[{"href":"https:\/\/www.skk-seeshaupt.de\/home\/index.php?rest_route=\/wp\/v2\/types\/post"}],"author":[{"embeddable":true,"href":"https:\/\/www.skk-seeshaupt.de\/home\/index.php?rest_route=\/wp\/v2\/users\/3"}],"replies":[{"embeddable":true,"href":"https:\/\/www.skk-seeshaupt.de\/home\/index.php?rest_route=%2Fwp%2Fv2%2Fcomments&post=6780"}],"version-history":[{"count":2,"href":"https:\/\/www.skk-seeshaupt.de\/home\/index.php?rest_route=\/wp\/v2\/posts\/6780\/revisions"}],"predecessor-version":[{"id":6782,"href":"https:\/\/www.skk-seeshaupt.de\/home\/index.php?rest_route=\/wp\/v2\/posts\/6780\/revisions\/6782"}],"wp:attachment":[{"href":"https:\/\/www.skk-seeshaupt.de\/home\/index.php?rest_route=%2Fwp%2Fv2%2Fmedia&parent=6780"}],"wp:term":[{"taxonomy":"category","embeddable":true,"href":"https:\/\/www.skk-seeshaupt.de\/home\/index.php?rest_route=%2Fwp%2Fv2%2Fcategories&post=6780"},{"taxonomy":"post_tag","embeddable":true,"href":"https:\/\/www.skk-seeshaupt.de\/home\/index.php?rest_route=%2Fwp%2Fv2%2Ftags&post=6780"}],"curies":[{"name":"wp","href":"https:\/\/api.w.org\/{rel}","templated":true}]}}